[{"@context":"https:\/\/schema.org\/","@type":"Article","@id":"https:\/\/www.ivachnova.sk\/je-cas-vziat-si-spat-prve-miesto-na-stupni-vitazov-je-cas-na-bmw-i4\/#Article","mainEntityOfPage":"https:\/\/www.ivachnova.sk\/je-cas-vziat-si-spat-prve-miesto-na-stupni-vitazov-je-cas-na-bmw-i4\/","headline":"Je \u010das vzia\u0165 si sp\u00e4\u0165 prv\u00e9 miesto na stupni v\u00ed\u0165azov, je \u010das na BMW i4","name":"Je \u010das vzia\u0165 si sp\u00e4\u0165 prv\u00e9 miesto na stupni v\u00ed\u0165azov, je \u010das na BMW i4","description":"Kr\u00e1\u013e je m\u0155tvy a je na \u010dase presta\u0165 sm\u00fati\u0165 ale chopi\u0165 sa tr\u00f3nu a nastoli\u0165 v kr\u00e1\u013eovstve poriadok a r\u00e1d. Ale nie, nebojte, ni\u010d\u00a0 sa","datePublished":"2019-12-19","dateModified":"2019-12-19","author":{"@type":"Person","@id":"https:\/\/www.ivachnova.sk\/author\/devene\/#Person","name":"devene","url":"https:\/\/www.ivachnova.sk\/author\/devene\/","identifier":1,"image":{"@type":"ImageObject","@id":"https:\/\/secure.gravatar.com\/avatar\/11f8c6ff4d174e1ebef1d6401491d0892ff6534e7a3312fbf752a8f90a4375cd?s=96&d=mm&r=g","url":"https:\/\/secure.gravatar.com\/avatar\/11f8c6ff4d174e1ebef1d6401491d0892ff6534e7a3312fbf752a8f90a4375cd?s=96&d=mm&r=g","height":96,"width":96}},"publisher":{"@type":"Organization","name":"ivachnova.sk","logo":{"@type":"ImageObject","@id":"\/logo.png","url":"\/logo.png","width":600,"height":60}},"image":{"@type":"ImageObject","@id":"https:\/\/www.ivachnova.sk\/wp-content\/uploads\/img_a309084_w16851_t1577635539.jpg","url":"https:\/\/www.ivachnova.sk\/wp-content\/uploads\/img_a309084_w16851_t1577635539.jpg","height":0,"width":0},"url":"https:\/\/www.ivachnova.sk\/je-cas-vziat-si-spat-prve-miesto-na-stupni-vitazov-je-cas-na-bmw-i4\/","about":["Auto"],"wordCount":436,"articleBody":"Kr\u00e1\u013e je m\u0155tvy a je na \u010dase presta\u0165 sm\u00fati\u0165 ale chopi\u0165 sa tr\u00f3nu a nastoli\u0165 v kr\u00e1\u013eovstve poriadok a r\u00e1d. Ale nie, nebojte, ni\u010d\u00a0 sa nedeje. To si iba BMW povedalo \u017ee je na \u010dase na odvetu a kone\u010dne uk\u00e1za\u0165 Tesle kto je tu \u0161\u00e9f\u00a0 a kto sa iba tak tv\u00e1ri. Preto\u017ee pod\u013ea nepo\u010detn\u00e9ho mno\u017estva porovn\u00e1vac\u00edch testov to vyzer\u00e1 \u017ee pr\u00e1ve Tesla model 3 vzala \u017eezlo BMW rady 3. \u010co znie na prv\u00fd poh\u013ead celkom z\u00e1bavne \u017ee trojka odstavila trojku ale po\u010fme pekne sp\u00e4\u0165 k veci. Nemeck\u00e1 automobilka toti\u017e chyst\u00e1 odvetu vo forme modelu BMWi4, ktor\u00fd sa tak mal sta\u0165 najv\u00fdkonnej\u0161\u00edm autom vo svojej kateg\u00f3ri\u00ed. A z\u00e1rove\u0148 tie\u017e samotn\u00fd dojazd by mal by\u0165 cite\u013ene vy\u0161\u0161\u00ed ako je tomu doteraz.\u00a0\u00a0\u010c\u00edm viac kon\u00ed, t\u00fdm viac Nemec\u2026\u00a0Aj takto stru\u010dne by sa dalo op\u00edsa\u0165 to \u010di si pre n\u00e1s nov\u00e9 aut\u00ed\u010dko pripravilo, bav\u00edme sa tu toti\u017e o vy\u0161e hodnote a\u017e neuverite\u013en\u00fdch 523 kon\u00ed. T\u00fdm p\u00e1dom je ka\u017ed\u00e9mu nad slnko jasn\u00e9 \u017ee tak bola prekovan\u00e1 aj rada spa\u013eovac\u00edch motorov rady 3 a 4. Nehovoriac o najv\u00fdkonnej\u0161om variante Tesly model 3. Hoci sa m\u00f4\u017ee zda\u0165 \u017ee sa tu bav\u00edme o impozantnom v\u00fdkone a \u010d\u00edslach a m\u00e1 sa jedna\u0165 o nov\u00e9ho kr\u00e1\u013ea v segmentu. Pre \u00faplnos\u0165 aj tu mus\u00edme prizna\u0165 \u017ee to nemus\u00ed sta\u010di\u0165. Preto\u017ee ak by sme sa na to pozreli iba u poh\u013eadu uv\u00e1dzan\u00fdch parametrov tak potom Tesla dok\u00e1\u017ee zr\u00fdchli\u0165 z nula na sto za cca 4 sekundy. Pri\u010dom uv\u00e1dza \u017ee maxim\u00e1lne dok\u00e1\u017ee is\u0165 zhruba 193 km\/h. A BMW je na tom celkom podobne. Zr\u00fdchlenie okolo 4 sek\u00fand z nula na sto, a maxim\u00e1lna r\u00fdchlos\u0165\u00a0 \u010din\u00ed cca 200 km\/h.\u00a0Istotne sa teraz p\u00fdtate, tak ako chc\u00fa Nemci Elona prekona\u0165, no hne\u010f na prv\u00fd poh\u013ead je ka\u017ed\u00e9mu jasn\u00e9 \u017ee sa tu nebav\u00edme o nejak\u00fdch prevratn\u00fdch hodnot\u00e1ch. No odpove\u010f znie dojazd. Bav\u00edme sa tu o dojazde zhruba 600 km s pou\u017eit\u00fd 80kwh bat\u00e9ri\u00ed. Navy\u0161e ak sa tu budeme bavi\u0165 o d\u013a\u017eke nabitia na pln\u00fd v\u00fdkon, tak potom pri nab\u00edjan\u00ed z 150 kW stanice to zvl\u00e1dne za necel\u00fdch 35 min\u00fat. Ak si to tak zr\u00e1tame, vych\u00e1dza n\u00e1m 6 min\u00fat nab\u00edjania na 100 km a to je u\u017e celkom slu\u0161n\u00e1 hodnota na ktor\u00fa sa u\u017e d\u00e1 by\u0165 hrd\u00fd.                                                                                                                                                                                                                                                                                                                                                                                        4.3\/5 - (12 votes)        "},{"@context":"https:\/\/schema.org\/","@type":"BreadcrumbList","itemListElement":[{"@type":"ListItem","position":1,"name":"Je \u010das vzia\u0165 si sp\u00e4\u0165 prv\u00e9 miesto na stupni v\u00ed\u0165azov, je \u010das na BMW i4","item":"https:\/\/www.ivachnova.sk\/je-cas-vziat-si-spat-prve-miesto-na-stupni-vitazov-je-cas-na-bmw-i4\/#breadcrumbitem"}]}]