[{"@context":"https:\/\/schema.org\/","@type":"Article","@id":"https:\/\/www.ivachnova.sk\/neobklopujte-sa-vecami-ktore-nepotrebujete\/#Article","mainEntityOfPage":"https:\/\/www.ivachnova.sk\/neobklopujte-sa-vecami-ktore-nepotrebujete\/","headline":"Neobklopujte sa vecami, ktor\u00e9 nepotrebujete","name":"Neobklopujte sa vecami, ktor\u00e9 nepotrebujete","description":"Aj ke\u010f s\u00fa pre n\u00e1s niektor\u00e9 veci ve\u013emi \u010dasto nepredstavite\u013enou z\u00e1le\u017eitos\u0165ou, ob\u010das sa jednoducho mus\u00edme povznies\u0165 nad v\u0161etko, \u010do je okolo n\u00e1s a\u00a0urobi\u0165 krok, ktor\u00fd","datePublished":"2018-09-16","dateModified":"2018-09-16","author":{"@type":"Person","@id":"https:\/\/www.ivachnova.sk\/author\/devene\/#Person","name":"devene","url":"https:\/\/www.ivachnova.sk\/author\/devene\/","identifier":1,"image":{"@type":"ImageObject","@id":"https:\/\/secure.gravatar.com\/avatar\/11f8c6ff4d174e1ebef1d6401491d0892ff6534e7a3312fbf752a8f90a4375cd?s=96&d=mm&r=g","url":"https:\/\/secure.gravatar.com\/avatar\/11f8c6ff4d174e1ebef1d6401491d0892ff6534e7a3312fbf752a8f90a4375cd?s=96&d=mm&r=g","height":96,"width":96}},"publisher":{"@type":"Organization","name":"ivachnova.sk","logo":{"@type":"ImageObject","@id":"\/logo.png","url":"\/logo.png","width":600,"height":60}},"image":{"@type":"ImageObject","@id":"https:\/\/www.ivachnova.sk\/wp-content\/uploads\/img_a293437_w16637_t1542381871.jpg","url":"https:\/\/www.ivachnova.sk\/wp-content\/uploads\/img_a293437_w16637_t1542381871.jpg","height":0,"width":0},"url":"https:\/\/www.ivachnova.sk\/neobklopujte-sa-vecami-ktore-nepotrebujete\/","wordCount":429,"articleBody":"Aj ke\u010f s\u00fa pre n\u00e1s niektor\u00e9 veci ve\u013emi \u010dasto nepredstavite\u013enou z\u00e1le\u017eitos\u0165ou, ob\u010das sa jednoducho mus\u00edme povznies\u0165 nad v\u0161etko, \u010do je okolo n\u00e1s a\u00a0urobi\u0165 krok, ktor\u00fd bude pre n\u00e1s mo\u017eno z\u00e1va\u017en\u00fd, o\u00a0to viac v\u0161ak d\u00f4le\u017eit\u00fd. \u010co t\u00fdm chceme poveda\u0165? \u017de nech sa deje \u010doko\u013evek, nakoniec predsa len mus\u00edte urobi\u0165 maximum preto, aby bol pre v\u00e1s prvorad\u00fd v\u00e1\u0161 domov. \u00c1no, mo\u017eno to znie trochu smie\u0161ne a\u00a0pre\u010do vlastne by ste sa tak ve\u013emi mali stara\u0165 o\u00a0svoj domov a\u00a0o\u00a0svoje b\u00fdvanie, no nie? No mus\u00edme v\u00e1m poveda\u0165, \u017ee pokia\u013e sa o\u00a0svoje b\u00fdvanie nebudete stara\u0165, m\u00f4\u017eete si by\u0165 takmer na sto percent ist\u00fd, \u017ee nebudete spokojn\u00fd ani so svoj\u00edm \u017eivotom.V\u00e1\u0161 \u017eivot mo\u017eno nie je \u00faplne geni\u00e1lny a\u00a0mo\u017eno sa v\u0161etko nevyv\u00edja pod\u013ea va\u0161ich predst\u00e1v, ale verte tomu, \u017ee nakoniec je to len o\u00a0va\u0161om postoji. Ak\u00fd postoj m\u00e1te ku v\u00e1\u0161mu b\u00fdvaniu? \u010co v\u0161etko ste ochotn\u00fd urobi\u0165 preto, aby sa v\u00e1m b\u00fdvalo dobre? Aby bolo v\u0161etko presne tak, ako si to vy sami predstavujete? Ak je v\u00e1\u0161 domov presne tak\u00fd, ak\u00fd by ste chceli, aby bol, tak u\u017e nem\u00e1te o\u00a0\u010dom rozm\u00fd\u0161\u013ea\u0165. Vy sami najlep\u0161ie viete, ako by ste mali poriadne zato\u010di\u0165 s\u00a0vecami, ktor\u00e9 sa v\u00e1m vo va\u0161om domove nep\u00e1\u010dia a\u00a0mali by ste na to ur\u010dite myslie\u0165.\u00a0Viete, ako by ste sa chceli zachova\u0165 naozaj? Viete, \u010do v\u0161etko je pre v\u00e1s naozaj ve\u013emi d\u00f4le\u017eit\u00e9 a\u00a0ako by ste s\u00a0t\u00fdm chceli zato\u010di\u0165 a\u00a0\u010do naozaj chcete, aby v\u00e1\u0161 domov mal a\u00a0\u010do nie. Naj\u00fa\u010dinnej\u0161ie je, aby ste sa zbavili v\u0161etk\u00e9ho, \u010do v\u00e1s z\u00a0nejak\u00e9ho d\u00f4vodu otravuje a\u00a0s\u00a0\u010d\u00edm jednoducho nechcete ma\u0165 ni\u010d spolo\u010dn\u00e9. Je to \u0165a\u017ek\u00e9, preto\u017ee ob\u010das zist\u00edte, \u017ee je to ove\u013ea viac vec\u00ed, ako by ste si mo\u017eno mysleli. Ale je to len o\u00a0v\u00e1s a\u00a0o\u00a0tom, ako sa postav\u00edte k\u00a0tomu, kde b\u00fdvate. Mo\u017eno to zo za\u010diatku nebude \u013eahk\u00e9, ale verte tomu, \u017ee to bude oslobodzuj\u00face a\u00a0len na tom z\u00e1le\u017e\u00ed. Teraz sa u\u017e k\u00a0tomu len postavte tak, ako to je a\u00a0verte tomu, \u017ee to stoj\u00ed za v\u0161etko. A\u00a0u\u017e viac neprem\u00fd\u0161\u013eajte.\u00a0                                                                                                                                                                                                                                                                                                                                                                                        3.4\/5 - (8 votes)        "},{"@context":"https:\/\/schema.org\/","@type":"BreadcrumbList","itemListElement":[{"@type":"ListItem","position":1,"name":"Neobklopujte sa vecami, ktor\u00e9 nepotrebujete","item":"https:\/\/www.ivachnova.sk\/neobklopujte-sa-vecami-ktore-nepotrebujete\/#breadcrumbitem"}]}]